{"id":17,"date":"2020-03-03T12:19:54","date_gmt":"2020-03-03T12:19:54","guid":{"rendered":"http:\/\/www.tilkkari.fi\/?p=17"},"modified":"2025-11-19T11:10:39","modified_gmt":"2025-11-19T11:10:39","slug":"hinnasto","status":"publish","type":"post","link":"https:\/\/www.tilkkari.fi\/?p=17","title":{"rendered":"Hinnasto"},"content":{"rendered":"\n<p><strong>Tuntihinta<\/strong><\/p>\n\n\n\n<p><strong>150 \u20ac \/ tunti + ALV<\/strong><\/p>\n\n\n\n<p>Tunnissakin saadaan jo aikaan, laajemmista kokonaisuuksista aina kustannusarvio etuk\u00e4teen.<\/p>\n\n\n\n<p><strong>Talousp\u00e4\u00e4llikk\u00f6 &#8211; light<\/strong><\/p>\n\n\n\n<p><strong>1 500 \u20ac \/ kuukausi + ALV,<\/strong> sis\u00e4lt\u00e4\u00e4 <\/p>\n\n\n\n<ul class=\"wp-block-list\">\n<li>nykyj\u00e4rjestelmiin tutustuminen, parannuskohteiden kartoitus sek\u00e4 parannusten implementointi<\/li>\n\n\n\n<li>1 ty\u00f6p\u00e4iv\u00e4n ty\u00f6paja valittujen avainhenkil\u00f6iden kanssa per kuukausi, jossa ly\u00f6d\u00e4\u00e4n k\u00e4det saveen ja katsotaan mit\u00e4 voisi\/kannattaisi tehd\u00e4 eri tavalla<\/li>\n\n\n\n<li>puoli ty\u00f6p\u00e4iv\u00e4\u00e4 kuukaudessa et\u00e4tukea\/-l\u00e4pik\u00e4ynti\u00e4<\/li>\n\n\n\n<li>kvartaaliraportoinnin koostaminen nykyisist\u00e4 j\u00e4rjestelmist\u00e4 niin, ett\u00e4 siit\u00e4 on yritykselle jotain iloakin.<\/li>\n<\/ul>\n\n\n\n<p><strong>Talousjohtaja &#8211; light<\/strong>, sis\u00e4lt\u00e4\u00e4<\/p>\n\n\n\n<p><strong>3 000 \u20ac \/ kuukausi + ALV,<\/strong> sis\u00e4lt\u00e4\u00e4 nykytilan kartoituksen, kehityskohteiden l\u00e4pik\u00e4ynnin, toimenpideohjelman, loppupalaverin sek\u00e4 toteuman seurannan<\/p>\n\n\n\n<ul class=\"wp-block-list\">\n<li>nykyj\u00e4rjestelmiin tutustuminen, parannuskohteiden kartoitus sek\u00e4 parannusten implementointi<\/li>\n\n\n\n<li>2 ty\u00f6p\u00e4iv\u00e4n ty\u00f6pajat valittujen avainhenkil\u00f6iden kanssa per kuukausi, jossa ly\u00f6d\u00e4\u00e4n k\u00e4det saveen ja katsotaan mit\u00e4 voisi\/kannattaisi tehd\u00e4 eri tavalla<\/li>\n\n\n\n<li>1 ty\u00f6p\u00e4iv\u00e4 kuukaudessa et\u00e4tukea\/-l\u00e4pik\u00e4ynti\u00e4<\/li>\n\n\n\n<li>kuukausiraportoinnin koostaminen ja esittely valituille avainhenkil\u00f6ille nykyisist\u00e4 j\u00e4rjestelmist\u00e4 niin, ett\u00e4 siit\u00e4 on yritykselle jotain iloakin.<\/li>\n\n\n\n<li>Uusien j\u00e4rjestelmien tarvekartoitus sek\u00e4 k\u00e4ytt\u00f6\u00f6notto<\/li>\n<\/ul>\n\n\n\n<p><strong>&#8221;Liiketoiminta minttiin&#8221; &#8211; palvelupaketti<\/strong><\/p>\n\n\n\n<p>Alkaen <strong>2 000 \u20ac \/ yritys + ALV,<\/strong> sis\u00e4lt\u00e4\u00e4 nykytilan kartoituksen, kehityskohteiden l\u00e4pik\u00e4ynnin, toimenpideohjelman, loppupalaverin sek\u00e4 toteuman seurannan. <\/p>\n\n\n\n<p><\/p>\n\n\n\n<p><strong>Yrityskaupat<\/strong><\/p>\n\n\n\n<p>Myyj\u00e4:<\/p>\n\n\n\n<p><strong>5 % kauppahinnasta tai 150 \u20ac \/ h<\/strong> <strong>+ ALV,<\/strong> laskutustapa sovitaan etuk\u00e4teen<\/p>\n\n\n\n<p><\/p>\n\n\n\n<p>Ostaja: <\/p>\n\n\n\n<p><strong>150 \u20ac \/ h + ALV <\/strong>tai sopimuksen mukaan kiinte\u00e4 korvaus.<\/p>\n\n\n\n<p><\/p>\n\n\n\n<p><strong>Koulutukset<\/strong><\/p>\n\n\n\n<p><strong>2 000 \u20ac \/ p\u00e4iv\u00e4<\/strong> <strong>+ ALV,<\/strong> lyhyemm\u00e4t kokonaisuudet sopimuksen mukaan. <br><\/p>\n\n\n\n<p>Hinta voimassa Pori-Tampere-Turku-Helsinki -akselin sis\u00e4ll\u00e4, muualla pidett\u00e4ess\u00e4 hintaan lis\u00e4t\u00e4\u00e4n matkatunnit 80 \u20ac \/ matkustustunti<br><br><\/p>\n\n\n\n<p><\/p>\n","protected":false},"excerpt":{"rendered":"<p>Tuntihinta 150 \u20ac \/ tunti + ALV Tunnissakin saadaan jo aikaan, laajemmista kokonaisuuksista aina kustannusarvio etuk\u00e4teen. Talousp\u00e4\u00e4llikk\u00f6 &#8211; light 1 500 \u20ac \/ kuukausi + ALV, sis\u00e4lt\u00e4\u00e4 Talousjohtaja &#8211; light, sis\u00e4lt\u00e4\u00e4 3 000 \u20ac \/ kuukausi + ALV, sis\u00e4lt\u00e4\u00e4 nykytilan kartoituksen, kehityskohteiden l\u00e4pik\u00e4ynnin, toimenpideohjelman, loppupalaverin sek\u00e4 toteuman seurannan &#8221;Liiketoiminta minttiin&#8221; &#8211; palvelupaketti Alkaen 2 000 &hellip; <a href=\"https:\/\/www.tilkkari.fi\/?p=17\" class=\"more-link\">Jatka artikkeliin <span class=\"screen-reader-text\">Hinnasto<\/span><\/a><\/p>\n","protected":false},"author":1,"featured_media":66,"comment_status":"closed","ping_status":"closed","sticky":false,"template":"","format":"standard","meta":{"footnotes":""},"categories":[5],"tags":[6,10,9,8],"class_list":["post-17","post","type-post","status-publish","format-standard","has-post-thumbnail","hentry","category-hinnasto","tag-hinnasto","tag-konsultointi","tag-yrityskaupat","tag-yrityskauppa"],"_links":{"self":[{"href":"https:\/\/www.tilkkari.fi\/index.php?rest_route=\/wp\/v2\/posts\/17","targetHints":{"allow":["GET"]}}],"collection":[{"href":"https:\/\/www.tilkkari.fi\/index.php?rest_route=\/wp\/v2\/posts"}],"about":[{"href":"https:\/\/www.tilkkari.fi\/index.php?rest_route=\/wp\/v2\/types\/post"}],"author":[{"embeddable":true,"href":"https:\/\/www.tilkkari.fi\/index.php?rest_route=\/wp\/v2\/users\/1"}],"replies":[{"embeddable":true,"href":"https:\/\/www.tilkkari.fi\/index.php?rest_route=%2Fwp%2Fv2%2Fcomments&post=17"}],"version-history":[{"count":15,"href":"https:\/\/www.tilkkari.fi\/index.php?rest_route=\/wp\/v2\/posts\/17\/revisions"}],"predecessor-version":[{"id":77,"href":"https:\/\/www.tilkkari.fi\/index.php?rest_route=\/wp\/v2\/posts\/17\/revisions\/77"}],"wp:featuredmedia":[{"embeddable":true,"href":"https:\/\/www.tilkkari.fi\/index.php?rest_route=\/wp\/v2\/media\/66"}],"wp:attachment":[{"href":"https:\/\/www.tilkkari.fi\/index.php?rest_route=%2Fwp%2Fv2%2Fmedia&parent=17"}],"wp:term":[{"taxonomy":"category","embeddable":true,"href":"https:\/\/www.tilkkari.fi\/index.php?rest_route=%2Fwp%2Fv2%2Fcategories&post=17"},{"taxonomy":"post_tag","embeddable":true,"href":"https:\/\/www.tilkkari.fi\/index.php?rest_route=%2Fwp%2Fv2%2Ftags&post=17"}],"curies":[{"name":"wp","href":"https:\/\/api.w.org\/{rel}","templated":true}]}}